{"id":665,"date":"2022-01-20T12:39:19","date_gmt":"2022-01-20T14:39:19","guid":{"rendered":"https:\/\/site.veracruz.edu.br\/protocolos-retorno\/?p=665"},"modified":"2022-01-20T12:39:34","modified_gmt":"2022-01-20T14:39:34","slug":"estrategias-iniciais","status":"publish","type":"post","link":"https:\/\/site.veracruz.edu.br\/protocolos-retorno\/estrategias-iniciais\/","title":{"rendered":"Estrat\u00e9gias iniciais"},"content":{"rendered":"\n<p>\u00c9 preciso adotar estrat\u00e9gias que promovam a sa\u00fade dos funcion\u00e1rios e colaboradores e que disseminem comportamentos que reduzam a transmiss\u00e3o do v\u00edrus.<\/p>\n\n\n\n<p>Como estrat\u00e9gias iniciais, podemos citar as seguintes medidas:<\/p>\n\n\n\n<ul><li>Novas rotinas de prote\u00e7\u00e3o dos funcion\u00e1rios com mais risco de desenvolver quadros graves.<\/li><li>Orienta\u00e7\u00e3o de que o distanciamento f\u00edsico, bem como as demais medidas protetivas aqui mencionadas, seja implementado em todos os espa\u00e7os de trabalho.<\/li><li>Recomenda\u00e7\u00e3o de que todos tomem cuidado extremo quando do uso de \u00e1lcool em gel 70%, para evitarem inc\u00eandios.<\/li><li>Organiza\u00e7\u00e3o de conversas remotas sobre os riscos de contamina\u00e7\u00e3o e as orienta\u00e7\u00f5es de biosseguran\u00e7a.<\/li><li>Interdi\u00e7\u00e3o de forma\u00e7\u00e3o de rodas de conversas presenciais.<\/li><li>Orienta\u00e7\u00e3o de que solicitem ajuda caso estejam se sentindo mal; sobretudo, se sentirem febre, tosse ou falta de ar.<\/li><li>Incentivo \u00e0s iniciativas vinculadas ao autocuidado, cuidado e implementa\u00e7\u00e3o de pr\u00e1ticas integrativas e complementares no ambiente de trabalho.<\/li><\/ul>\n","protected":false},"excerpt":{"rendered":"<p>\u00c9 preciso adotar estrat\u00e9gias que promovam a sa\u00fade dos funcion\u00e1rios e colaboradores e que disseminem comportamentos que reduzam a transmiss\u00e3o do v\u00edrus. Como estrat\u00e9gias iniciais, podemos citar as seguintes medidas: Novas rotinas de prote\u00e7\u00e3o dos funcion\u00e1rios com mais risco de desenvolver quadros graves. Orienta\u00e7\u00e3o de que o distanciamento f\u00edsico, bem como as demais medidas protetivas [&hellip;]<\/p>\n","protected":false},"author":1,"featured_media":0,"comment_status":"open","ping_status":"open","sticky":false,"template":"","format":"standard","meta":{"inline_featured_image":false,"footnotes":""},"categories":[7],"tags":[],"_links":{"self":[{"href":"https:\/\/site.veracruz.edu.br\/protocolos-retorno\/wp-json\/wp\/v2\/posts\/665"}],"collection":[{"href":"https:\/\/site.veracruz.edu.br\/protocolos-retorno\/wp-json\/wp\/v2\/posts"}],"about":[{"href":"https:\/\/site.veracruz.edu.br\/protocolos-retorno\/wp-json\/wp\/v2\/types\/post"}],"author":[{"embeddable":true,"href":"https:\/\/site.veracruz.edu.br\/protocolos-retorno\/wp-json\/wp\/v2\/users\/1"}],"replies":[{"embeddable":true,"href":"https:\/\/site.veracruz.edu.br\/protocolos-retorno\/wp-json\/wp\/v2\/comments?post=665"}],"version-history":[{"count":1,"href":"https:\/\/site.veracruz.edu.br\/protocolos-retorno\/wp-json\/wp\/v2\/posts\/665\/revisions"}],"predecessor-version":[{"id":666,"href":"https:\/\/site.veracruz.edu.br\/protocolos-retorno\/wp-json\/wp\/v2\/posts\/665\/revisions\/666"}],"wp:attachment":[{"href":"https:\/\/site.veracruz.edu.br\/protocolos-retorno\/wp-json\/wp\/v2\/media?parent=665"}],"wp:term":[{"taxonomy":"category","embeddable":true,"href":"https:\/\/site.veracruz.edu.br\/protocolos-retorno\/wp-json\/wp\/v2\/categories?post=665"},{"taxonomy":"post_tag","embeddable":true,"href":"https:\/\/site.veracruz.edu.br\/protocolos-retorno\/wp-json\/wp\/v2\/tags?post=665"}],"curies":[{"name":"wp","href":"https:\/\/api.w.org\/{rel}","templated":true}]}}