{"id":660,"date":"2022-01-20T12:35:39","date_gmt":"2022-01-20T14:35:39","guid":{"rendered":"https:\/\/site.veracruz.edu.br\/protocolos-retorno\/?p=660"},"modified":"2022-01-20T12:37:16","modified_gmt":"2022-01-20T14:37:16","slug":"providencias-em-casos-de-contagio","status":"publish","type":"post","link":"https:\/\/site.veracruz.edu.br\/protocolos-retorno\/providencias-em-casos-de-contagio\/","title":{"rendered":"Provid\u00eancias em casos de cont\u00e1gio"},"content":{"rendered":"\n<p>A suspeita de cont\u00e1gio \u00e9 caracterizada por sinais e\/ou sintomas. H\u00e1 dois sinais importantes: temperatura alta (acima de 37,7\u00b0C) e respira\u00e7\u00e3o acelerada. Por isso, a medi\u00e7\u00e3o da temperatura \u00e9 fundamental. Os sintomas mais comuns s\u00e3o fadiga, n\u00e1usea, perda de olfato ou paladar. Em caso de suspeita, os seguintes encaminhamentos s\u00e3o necess\u00e1rios:<\/p>\n\n\n\n<p>A pessoa com sintomas dever\u00e1 ser orientada a se afastar do trabalho e providenciar a realiza\u00e7\u00e3o de um teste de diagn\u00f3stico dos tipos RT-PCR no laborat\u00f3rio ou um teste de ant\u00edgeno que poder\u00e1 ser coletado na pr\u00f3pria escola mediante agendamento pr\u00e9vio.<\/p>\n\n\n\n<p>A orienta\u00e7\u00e3o para cada uma delas depender\u00e1 do resultado de exame obtido. S\u00e3o imperiosas a limpeza e desinfe\u00e7\u00e3o das superf\u00edcies mais utilizadas pelo caso suspeito, incluindo as da \u00e1rea de isolamento em que ele poder\u00e1 ficar num primeiro momento. A identifica\u00e7\u00e3o de um caso e dos seus contatos precisa ser acompanhada da situa\u00e7\u00e3o de sa\u00fade do infectado e do tratamento necess\u00e1rio, bem como da avalia\u00e7\u00e3o das necessidades que possam se apresentar para que a pr\u00e1tica do isolamento e da quarentena seja eficiente.<\/p>\n\n\n\n<p>Saiba mais sobre sintomas e cont\u00e1gio em: <a href=\"https:\/\/www.fiocruzbrasilia.fiocruz.br\/coronavirus_perguntaserespostas\/\">https:\/\/www.fiocruzbrasilia.fiocruz.br\/coronavirus_per<\/a><a href=\"https:\/\/www.fiocruzbrasilia.fiocruz.br\/coronavirus_perguntaserespostas\/\" target=\"_blank\" rel=\"noreferrer noopener\">guntaserespostas\/<\/a><\/p>\n","protected":false},"excerpt":{"rendered":"<p>A suspeita de cont\u00e1gio \u00e9 caracterizada por sinais e\/ou sintomas. H\u00e1 dois sinais importantes: temperatura alta (acima de 37,7\u00b0C) e respira\u00e7\u00e3o acelerada. Por isso, a medi\u00e7\u00e3o da temperatura \u00e9 fundamental. Os sintomas mais comuns s\u00e3o fadiga, n\u00e1usea, perda de olfato ou paladar. Em caso de suspeita, os seguintes encaminhamentos s\u00e3o necess\u00e1rios: A pessoa com sintomas [&hellip;]<\/p>\n","protected":false},"author":1,"featured_media":0,"comment_status":"open","ping_status":"open","sticky":false,"template":"","format":"standard","meta":{"inline_featured_image":false,"footnotes":""},"categories":[7],"tags":[],"_links":{"self":[{"href":"https:\/\/site.veracruz.edu.br\/protocolos-retorno\/wp-json\/wp\/v2\/posts\/660"}],"collection":[{"href":"https:\/\/site.veracruz.edu.br\/protocolos-retorno\/wp-json\/wp\/v2\/posts"}],"about":[{"href":"https:\/\/site.veracruz.edu.br\/protocolos-retorno\/wp-json\/wp\/v2\/types\/post"}],"author":[{"embeddable":true,"href":"https:\/\/site.veracruz.edu.br\/protocolos-retorno\/wp-json\/wp\/v2\/users\/1"}],"replies":[{"embeddable":true,"href":"https:\/\/site.veracruz.edu.br\/protocolos-retorno\/wp-json\/wp\/v2\/comments?post=660"}],"version-history":[{"count":1,"href":"https:\/\/site.veracruz.edu.br\/protocolos-retorno\/wp-json\/wp\/v2\/posts\/660\/revisions"}],"predecessor-version":[{"id":661,"href":"https:\/\/site.veracruz.edu.br\/protocolos-retorno\/wp-json\/wp\/v2\/posts\/660\/revisions\/661"}],"wp:attachment":[{"href":"https:\/\/site.veracruz.edu.br\/protocolos-retorno\/wp-json\/wp\/v2\/media?parent=660"}],"wp:term":[{"taxonomy":"category","embeddable":true,"href":"https:\/\/site.veracruz.edu.br\/protocolos-retorno\/wp-json\/wp\/v2\/categories?post=660"},{"taxonomy":"post_tag","embeddable":true,"href":"https:\/\/site.veracruz.edu.br\/protocolos-retorno\/wp-json\/wp\/v2\/tags?post=660"}],"curies":[{"name":"wp","href":"https:\/\/api.w.org\/{rel}","templated":true}]}}