{"id":549,"date":"2021-09-10T18:28:01","date_gmt":"2021-09-10T21:28:01","guid":{"rendered":"https:\/\/site.veracruz.edu.br\/protocolos-retorno\/?p=549"},"modified":"2022-02-16T09:05:22","modified_gmt":"2022-02-16T12:05:22","slug":"rastreamento-de-contatos","status":"publish","type":"post","link":"https:\/\/site.veracruz.edu.br\/protocolos-retorno\/rastreamento-de-contatos\/","title":{"rendered":"Rastreamento de contatos"},"content":{"rendered":"\n<p>O rastreamento de contatos de casos confirmados de covid-19 \u00e9 importante instrumento para evitarmos o cont\u00e1gio interno. O cont\u00e1gio \u00e9 caracterizado pela confirma\u00e7\u00e3o da doen\u00e7a em exames de diagn\u00f3stico. Deve ser feito o levantamento de contatos diretos e natureza dos contatos; detectadas essas pessoas, \u00e9 necess\u00e1rio acompanhar o estado de sa\u00fade.<\/p>\n\n\n\n<figure class=\"wp-block-image size-large\"><a href=\"https:\/\/site.veracruz.edu.br\/protocolos-retorno\/wp-content\/uploads\/2022\/02\/afastamento-alunos-scaled.jpg\"><img decoding=\"async\" width=\"1024\" height=\"695\" src=\"https:\/\/site.veracruz.edu.br\/protocolos-retorno\/wp-content\/uploads\/2022\/02\/afastamento-alunos-1024x695.jpg\" alt=\"\" class=\"wp-image-719\" srcset=\"https:\/\/site.veracruz.edu.br\/protocolos-retorno\/wp-content\/uploads\/2022\/02\/afastamento-alunos-1024x695.jpg 1024w, https:\/\/site.veracruz.edu.br\/protocolos-retorno\/wp-content\/uploads\/2022\/02\/afastamento-alunos-300x204.jpg 300w, https:\/\/site.veracruz.edu.br\/protocolos-retorno\/wp-content\/uploads\/2022\/02\/afastamento-alunos-768x521.jpg 768w, https:\/\/site.veracruz.edu.br\/protocolos-retorno\/wp-content\/uploads\/2022\/02\/afastamento-alunos-1536x1042.jpg 1536w, https:\/\/site.veracruz.edu.br\/protocolos-retorno\/wp-content\/uploads\/2022\/02\/afastamento-alunos-2048x1390.jpg 2048w\" sizes=\"(max-width: 1024px) 100vw, 1024px\" \/><\/a><\/figure>\n\n\n\n<div style=\"height:50px\" aria-hidden=\"true\" class=\"wp-block-spacer\"><\/div>\n\n\n\n<h4 class=\"wp-block-heading\"><\/h4>\n\n\n\n<h4 class=\"wp-block-heading\"><\/h4>\n","protected":false},"excerpt":{"rendered":"<p>O rastreamento de contatos de casos confirmados de covid-19 \u00e9 importante instrumento para evitarmos o cont\u00e1gio interno. O cont\u00e1gio \u00e9 caracterizado pela confirma\u00e7\u00e3o da doen\u00e7a em exames de diagn\u00f3stico. Deve ser feito o levantamento de contatos diretos e natureza dos contatos; detectadas essas pessoas, \u00e9 necess\u00e1rio acompanhar o estado de sa\u00fade.<\/p>\n","protected":false},"author":1,"featured_media":0,"comment_status":"open","ping_status":"open","sticky":false,"template":"","format":"standard","meta":{"inline_featured_image":false,"footnotes":""},"categories":[5],"tags":[],"_links":{"self":[{"href":"https:\/\/site.veracruz.edu.br\/protocolos-retorno\/wp-json\/wp\/v2\/posts\/549"}],"collection":[{"href":"https:\/\/site.veracruz.edu.br\/protocolos-retorno\/wp-json\/wp\/v2\/posts"}],"about":[{"href":"https:\/\/site.veracruz.edu.br\/protocolos-retorno\/wp-json\/wp\/v2\/types\/post"}],"author":[{"embeddable":true,"href":"https:\/\/site.veracruz.edu.br\/protocolos-retorno\/wp-json\/wp\/v2\/users\/1"}],"replies":[{"embeddable":true,"href":"https:\/\/site.veracruz.edu.br\/protocolos-retorno\/wp-json\/wp\/v2\/comments?post=549"}],"version-history":[{"count":16,"href":"https:\/\/site.veracruz.edu.br\/protocolos-retorno\/wp-json\/wp\/v2\/posts\/549\/revisions"}],"predecessor-version":[{"id":723,"href":"https:\/\/site.veracruz.edu.br\/protocolos-retorno\/wp-json\/wp\/v2\/posts\/549\/revisions\/723"}],"wp:attachment":[{"href":"https:\/\/site.veracruz.edu.br\/protocolos-retorno\/wp-json\/wp\/v2\/media?parent=549"}],"wp:term":[{"taxonomy":"category","embeddable":true,"href":"https:\/\/site.veracruz.edu.br\/protocolos-retorno\/wp-json\/wp\/v2\/categories?post=549"},{"taxonomy":"post_tag","embeddable":true,"href":"https:\/\/site.veracruz.edu.br\/protocolos-retorno\/wp-json\/wp\/v2\/tags?post=549"}],"curies":[{"name":"wp","href":"https:\/\/api.w.org\/{rel}","templated":true}]}}