{"id":544,"date":"2021-09-10T18:12:14","date_gmt":"2021-09-10T21:12:14","guid":{"rendered":"https:\/\/site.veracruz.edu.br\/protocolos-retorno\/?p=544"},"modified":"2022-01-28T09:42:18","modified_gmt":"2022-01-28T11:42:18","slug":"perguntas-frequentes","status":"publish","type":"post","link":"https:\/\/site.veracruz.edu.br\/protocolos-retorno\/perguntas-frequentes\/","title":{"rendered":"Perguntas frequentes"},"content":{"rendered":"\n<p><strong>Quais s\u00e3o os sintomas da covid-19?<\/strong>  <br>Voc\u00ea deve considerar a incid\u00eancia de um ou mais sintomas indicativos: febre, fadiga, n\u00e1usea, dor de cabe\u00e7a, coriza, perda de olfato ou paladar. <\/p>\n\n\n\n<p><strong>Meu\/minha filho\/a teve sintomas indicativos de covid-19, o que devo fazer?<\/strong> <br>N\u00e3o leve seu\/sua filho\/a \u00e0 Escola at\u00e9 pelo menos o resultado e nos comunique imediatamente.<\/p>\n\n\n\n<p><strong>Como devo entrar em contato com a Escola?<\/strong><br>Por telefone ou pelo e-mail da Secretaria da Unidade. Veja a rela\u00e7\u00e3o:<\/p>\n\n\n\n<figure class=\"wp-block-table\"><table><tbody><tr><td><strong>unidade<\/strong><\/td><td><strong>ano\/s\u00e9rie<\/strong><\/td><td><strong>telefone<\/strong><\/td><td><strong>email<\/strong><\/td><\/tr><tr><td>Alvil\u00e2ndia<\/td><td>G1 ao G4<\/td><td>(11) 3022-3021<\/td><td>secretaria.ei@veracruz.edu.br<\/td><\/tr><tr><td>Dona Elisa de Moraes Mendes<\/td><td>G5 ao 2\u00ba ano<\/td><td>(11) 3021-2050<\/td><td>secretaria.ef1@veracruz.edu.br<\/td><\/tr><tr><td>Ver\u00e3o<\/td><td>3\u00ba ao 9\u00ba ano<\/td><td>(11) 3024-5311<\/td><td>atendimento.ef@veracruz.edu.br<\/td><\/tr><tr><td>Baumann<\/td><td>1\u00aa \u00e0 3\u00aa s\u00e9rie<\/td><td>(11) 3838-5990<\/td><td>secretaria.em@veracruz.edu.br<\/td><\/tr><\/tbody><\/table><\/figure>\n\n\n\n<p><\/p>\n\n\n\n<p><strong>Quais s\u00e3o os exames diagn\u00f3sticos de covid-19 recomendados?<\/strong><br>Recomendamos os testes RT-PCR Secre\u00e7\u00e3o Respirat\u00f3ria, RT-PCR Saliva, PCR-LAMP, e teste de Ant\u00edgeno.<\/p>\n\n\n\n<p><strong>A turma de um de meus filhos est\u00e1 suspensa, seu\/sua irm\u00e3o\/irm\u00e3 pode ir \u00e0 Escola?<\/strong><br>Se n\u00e3o houver sintoma algum com seu filho da turma suspensa, o irm\u00e3o\/irm\u00e3 pode ir \u00e0 Escola.<\/p>\n\n\n\n<p><strong>Um familiar de contato do aluno ou de um profissional da escola est\u00e1 com covid-19. Este aluno ou profissional deve se afastar?\u00a0<\/strong><br>Deve ser mantido isolamento dos casos positivos sempre que poss\u00edvel. Se o aluno ou profissional tiveram contato direto na fase sintom\u00e1tica, deve ser feito o afastamento de aluno ou profissional por cinco dias ap\u00f3s o \u00faltimo contato, ou at\u00e9 a realiza\u00e7\u00e3o de exame diagn\u00f3stico, lembrando que o teste de ant\u00edgeno pode ser realizado ap\u00f3s 48 horas do contato. \u00a0<\/p>\n","protected":false},"excerpt":{"rendered":"<p>Quais s\u00e3o os sintomas da covid-19? Voc\u00ea deve considerar a incid\u00eancia de um ou mais sintomas indicativos: febre, fadiga, n\u00e1usea, dor de cabe\u00e7a, coriza, perda de olfato ou paladar. Meu\/minha filho\/a teve sintomas indicativos de covid-19, o que devo fazer? N\u00e3o leve seu\/sua filho\/a \u00e0 Escola at\u00e9 pelo menos o resultado e nos comunique imediatamente. [&hellip;]<\/p>\n","protected":false},"author":1,"featured_media":0,"comment_status":"open","ping_status":"open","sticky":false,"template":"","format":"standard","meta":{"inline_featured_image":false,"footnotes":""},"categories":[5],"tags":[],"_links":{"self":[{"href":"https:\/\/site.veracruz.edu.br\/protocolos-retorno\/wp-json\/wp\/v2\/posts\/544"}],"collection":[{"href":"https:\/\/site.veracruz.edu.br\/protocolos-retorno\/wp-json\/wp\/v2\/posts"}],"about":[{"href":"https:\/\/site.veracruz.edu.br\/protocolos-retorno\/wp-json\/wp\/v2\/types\/post"}],"author":[{"embeddable":true,"href":"https:\/\/site.veracruz.edu.br\/protocolos-retorno\/wp-json\/wp\/v2\/users\/1"}],"replies":[{"embeddable":true,"href":"https:\/\/site.veracruz.edu.br\/protocolos-retorno\/wp-json\/wp\/v2\/comments?post=544"}],"version-history":[{"count":15,"href":"https:\/\/site.veracruz.edu.br\/protocolos-retorno\/wp-json\/wp\/v2\/posts\/544\/revisions"}],"predecessor-version":[{"id":712,"href":"https:\/\/site.veracruz.edu.br\/protocolos-retorno\/wp-json\/wp\/v2\/posts\/544\/revisions\/712"}],"wp:attachment":[{"href":"https:\/\/site.veracruz.edu.br\/protocolos-retorno\/wp-json\/wp\/v2\/media?parent=544"}],"wp:term":[{"taxonomy":"category","embeddable":true,"href":"https:\/\/site.veracruz.edu.br\/protocolos-retorno\/wp-json\/wp\/v2\/categories?post=544"},{"taxonomy":"post_tag","embeddable":true,"href":"https:\/\/site.veracruz.edu.br\/protocolos-retorno\/wp-json\/wp\/v2\/tags?post=544"}],"curies":[{"name":"wp","href":"https:\/\/api.w.org\/{rel}","templated":true}]}}