{"id":439,"date":"2020-08-19T23:03:31","date_gmt":"2020-08-20T02:03:31","guid":{"rendered":"https:\/\/site.veracruz.edu.br\/protocolos-retorno\/?p=439"},"modified":"2021-11-29T12:23:27","modified_gmt":"2021-11-29T14:23:27","slug":"hora-do-lanche","status":"publish","type":"post","link":"https:\/\/site.veracruz.edu.br\/protocolos-retorno\/hora-do-lanche\/","title":{"rendered":"Hora do lanche"},"content":{"rendered":"\n<p>Toda a rotina ser\u00e1 preparada de modo a evitar aglomera\u00e7\u00f5es, as refei\u00e7\u00f5es ser\u00e3o feitas preferencialmente em locais arejados e, sempre que poss\u00edvel, em hor\u00e1rios distintos.<\/p>\n\n\n\n<div style=\"height:20px\" aria-hidden=\"true\" class=\"wp-block-spacer\"><\/div>\n\n\n\n<p><\/p>\n","protected":false},"excerpt":{"rendered":"<p>Toda a rotina ser\u00e1 preparada de modo a evitar aglomera\u00e7\u00f5es, as refei\u00e7\u00f5es ser\u00e3o feitas preferencialmente em locais arejados e, sempre que poss\u00edvel, em hor\u00e1rios distintos.<\/p>\n","protected":false},"author":1,"featured_media":0,"comment_status":"open","ping_status":"open","sticky":false,"template":"","format":"standard","meta":{"inline_featured_image":false,"footnotes":""},"categories":[6],"tags":[],"_links":{"self":[{"href":"https:\/\/site.veracruz.edu.br\/protocolos-retorno\/wp-json\/wp\/v2\/posts\/439"}],"collection":[{"href":"https:\/\/site.veracruz.edu.br\/protocolos-retorno\/wp-json\/wp\/v2\/posts"}],"about":[{"href":"https:\/\/site.veracruz.edu.br\/protocolos-retorno\/wp-json\/wp\/v2\/types\/post"}],"author":[{"embeddable":true,"href":"https:\/\/site.veracruz.edu.br\/protocolos-retorno\/wp-json\/wp\/v2\/users\/1"}],"replies":[{"embeddable":true,"href":"https:\/\/site.veracruz.edu.br\/protocolos-retorno\/wp-json\/wp\/v2\/comments?post=439"}],"version-history":[{"count":7,"href":"https:\/\/site.veracruz.edu.br\/protocolos-retorno\/wp-json\/wp\/v2\/posts\/439\/revisions"}],"predecessor-version":[{"id":584,"href":"https:\/\/site.veracruz.edu.br\/protocolos-retorno\/wp-json\/wp\/v2\/posts\/439\/revisions\/584"}],"wp:attachment":[{"href":"https:\/\/site.veracruz.edu.br\/protocolos-retorno\/wp-json\/wp\/v2\/media?parent=439"}],"wp:term":[{"taxonomy":"category","embeddable":true,"href":"https:\/\/site.veracruz.edu.br\/protocolos-retorno\/wp-json\/wp\/v2\/categories?post=439"},{"taxonomy":"post_tag","embeddable":true,"href":"https:\/\/site.veracruz.edu.br\/protocolos-retorno\/wp-json\/wp\/v2\/tags?post=439"}],"curies":[{"name":"wp","href":"https:\/\/api.w.org\/{rel}","templated":true}]}}