{"id":192,"date":"2020-08-19T23:03:31","date_gmt":"2020-08-20T02:03:31","guid":{"rendered":"https:\/\/site.veracruz.edu.br\/protocolo-de-retorno\/?p=192"},"modified":"2022-03-28T11:41:37","modified_gmt":"2022-03-28T14:41:37","slug":"uso-de-mascaras","status":"publish","type":"post","link":"https:\/\/site.veracruz.edu.br\/protocolos-retorno\/uso-de-mascaras\/","title":{"rendered":"Uso de m\u00e1scaras"},"content":{"rendered":"\n<p>O uso da m\u00e1scara n\u00e3o dispensa as outras medidas de biosseguran\u00e7a, tais como o distanciamento f\u00edsico e a higieniza\u00e7\u00e3o de m\u00e3os e rosto. Mesmo usando m\u00e1scaras, todos dever\u00e3o seguir as outras normas estabelecidas no plano de retorno \u00e0s aulas. \u00c9 recomendado \u2014 por\u00e9m, n\u00e3o obrigat\u00f3rio \u2014 o uso de m\u00e1scaras individuais, com orienta\u00e7\u00e3o de troca a cada tr\u00eas horas (m\u00e1scaras n\u00e3o cir\u00fargicas, \u2018de tecido\u2019) ou a cada quatro horas (m\u00e1scaras cir\u00fargicas), coincidindo, preferencialmente, com os intervalos das refei\u00e7\u00f5es. Recomenda-se tamb\u00e9m a troca das m\u00e1scaras sempre que estiverem sujas ou molhadas. D\u00ea prefer\u00eancia a modelos reconhecidamente seguros, como a N95. J\u00e1 \u00e9 poss\u00edvel encontr\u00e1-las facilmente no mercado.<\/p>\n","protected":false},"excerpt":{"rendered":"<p>O uso da m\u00e1scara n\u00e3o dispensa as outras medidas de biosseguran\u00e7a, tais como o distanciamento f\u00edsico e a higieniza\u00e7\u00e3o de m\u00e3os e rosto. Mesmo usando m\u00e1scaras, todos dever\u00e3o seguir as outras normas estabelecidas no plano de retorno \u00e0s aulas. \u00c9 recomendado \u2014 por\u00e9m, n\u00e3o obrigat\u00f3rio \u2014 o uso de m\u00e1scaras individuais, com orienta\u00e7\u00e3o de troca [&hellip;]<\/p>\n","protected":false},"author":1,"featured_media":0,"comment_status":"open","ping_status":"open","sticky":false,"template":"","format":"standard","meta":{"inline_featured_image":false,"footnotes":""},"categories":[6],"tags":[],"_links":{"self":[{"href":"https:\/\/site.veracruz.edu.br\/protocolos-retorno\/wp-json\/wp\/v2\/posts\/192"}],"collection":[{"href":"https:\/\/site.veracruz.edu.br\/protocolos-retorno\/wp-json\/wp\/v2\/posts"}],"about":[{"href":"https:\/\/site.veracruz.edu.br\/protocolos-retorno\/wp-json\/wp\/v2\/types\/post"}],"author":[{"embeddable":true,"href":"https:\/\/site.veracruz.edu.br\/protocolos-retorno\/wp-json\/wp\/v2\/users\/1"}],"replies":[{"embeddable":true,"href":"https:\/\/site.veracruz.edu.br\/protocolos-retorno\/wp-json\/wp\/v2\/comments?post=192"}],"version-history":[{"count":6,"href":"https:\/\/site.veracruz.edu.br\/protocolos-retorno\/wp-json\/wp\/v2\/posts\/192\/revisions"}],"predecessor-version":[{"id":791,"href":"https:\/\/site.veracruz.edu.br\/protocolos-retorno\/wp-json\/wp\/v2\/posts\/192\/revisions\/791"}],"wp:attachment":[{"href":"https:\/\/site.veracruz.edu.br\/protocolos-retorno\/wp-json\/wp\/v2\/media?parent=192"}],"wp:term":[{"taxonomy":"category","embeddable":true,"href":"https:\/\/site.veracruz.edu.br\/protocolos-retorno\/wp-json\/wp\/v2\/categories?post=192"},{"taxonomy":"post_tag","embeddable":true,"href":"https:\/\/site.veracruz.edu.br\/protocolos-retorno\/wp-json\/wp\/v2\/tags?post=192"}],"curies":[{"name":"wp","href":"https:\/\/api.w.org\/{rel}","templated":true}]}}