{"id":186,"date":"2020-08-19T23:02:26","date_gmt":"2020-08-20T02:02:26","guid":{"rendered":"https:\/\/site.veracruz.edu.br\/protocolo-de-retorno\/?p=186"},"modified":"2022-03-28T11:43:49","modified_gmt":"2022-03-28T14:43:49","slug":"cuidados-nas-unidades","status":"publish","type":"post","link":"https:\/\/site.veracruz.edu.br\/protocolos-retorno\/cuidados-nas-unidades\/","title":{"rendered":"Cuidados nas unidades"},"content":{"rendered":"\n<ul><li><span style=\"color: initial;\">As unidades usam mais de um acesso para entrada e sa\u00edda.<\/span><\/li><li>O acesso \u00e0s depend\u00eancias das unidades escolares \u00e9 controlado.<\/li><li>Nas recep\u00e7\u00f5es, h\u00e1 prote\u00e7\u00e3o acr\u00edlica frontal, assim como as portas e janelas devem ser mantidas sempre abertas.<\/li><li>Os ambientes devem estar sempre arejados, preferencialmente com ventila\u00e7\u00e3o natural.<\/li><li>O uso de aparelhos de ar condicionado est\u00e1 submetido a orienta\u00e7\u00f5es espec\u00edficas, e o cuidado com a manuten\u00e7\u00e3o desses aparelhos deve ser redobrado.<\/li><li>Da mesma forma, \u00e9 preciso atentar para a higieniza\u00e7\u00e3o de m\u00f3veis, utens\u00edlios e brinquedos usados pelos alunos a cada troca de turno ou sempre que o respons\u00e1vel pela atividade considerar necess\u00e1rio.<\/li><li>Filas devem ser evitadas; se forem necess\u00e1rias, os espa\u00e7os de distanciamento recomendados est\u00e3o sinalizados nos pisos.<\/li><li>Preferencialmente, os alunos devem trazer sua pr\u00f3pria garrafa de casa ou podem utilizar os copos biodegrad\u00e1veis \u00e0 disposi\u00e7\u00e3o.<\/li><\/ul>\n","protected":false},"excerpt":{"rendered":"<p>As unidades usam mais de um acesso para entrada e sa\u00edda. O acesso \u00e0s depend\u00eancias das unidades escolares \u00e9 controlado. Nas recep\u00e7\u00f5es, h\u00e1 prote\u00e7\u00e3o acr\u00edlica frontal, assim como as portas e janelas devem ser mantidas sempre abertas. Os ambientes devem estar sempre arejados, preferencialmente com ventila\u00e7\u00e3o natural. O uso de aparelhos de ar condicionado est\u00e1 [&hellip;]<\/p>\n","protected":false},"author":1,"featured_media":0,"comment_status":"open","ping_status":"open","sticky":false,"template":"","format":"standard","meta":{"inline_featured_image":false,"footnotes":""},"categories":[6],"tags":[],"_links":{"self":[{"href":"https:\/\/site.veracruz.edu.br\/protocolos-retorno\/wp-json\/wp\/v2\/posts\/186"}],"collection":[{"href":"https:\/\/site.veracruz.edu.br\/protocolos-retorno\/wp-json\/wp\/v2\/posts"}],"about":[{"href":"https:\/\/site.veracruz.edu.br\/protocolos-retorno\/wp-json\/wp\/v2\/types\/post"}],"author":[{"embeddable":true,"href":"https:\/\/site.veracruz.edu.br\/protocolos-retorno\/wp-json\/wp\/v2\/users\/1"}],"replies":[{"embeddable":true,"href":"https:\/\/site.veracruz.edu.br\/protocolos-retorno\/wp-json\/wp\/v2\/comments?post=186"}],"version-history":[{"count":10,"href":"https:\/\/site.veracruz.edu.br\/protocolos-retorno\/wp-json\/wp\/v2\/posts\/186\/revisions"}],"predecessor-version":[{"id":793,"href":"https:\/\/site.veracruz.edu.br\/protocolos-retorno\/wp-json\/wp\/v2\/posts\/186\/revisions\/793"}],"wp:attachment":[{"href":"https:\/\/site.veracruz.edu.br\/protocolos-retorno\/wp-json\/wp\/v2\/media?parent=186"}],"wp:term":[{"taxonomy":"category","embeddable":true,"href":"https:\/\/site.veracruz.edu.br\/protocolos-retorno\/wp-json\/wp\/v2\/categories?post=186"},{"taxonomy":"post_tag","embeddable":true,"href":"https:\/\/site.veracruz.edu.br\/protocolos-retorno\/wp-json\/wp\/v2\/tags?post=186"}],"curies":[{"name":"wp","href":"https:\/\/api.w.org\/{rel}","templated":true}]}}