{"id":184,"date":"2020-08-19T23:02:05","date_gmt":"2020-08-20T02:02:05","guid":{"rendered":"https:\/\/site.veracruz.edu.br\/protocolo-de-retorno\/?p=184"},"modified":"2022-03-21T08:46:00","modified_gmt":"2022-03-21T11:46:00","slug":"recomendacoes-gerais","status":"publish","type":"post","link":"https:\/\/site.veracruz.edu.br\/protocolos-retorno\/recomendacoes-gerais\/","title":{"rendered":"Recomenda\u00e7\u00f5es gerais"},"content":{"rendered":"\n<ul><li>O uso de m\u00e1scaras passa a ser facultativo. Aos que optarem pelo uso, pedimos que respeitem\u00a0 as recomenda\u00e7\u00f5es de troca peri\u00f3dica.\u202f\u00a0<\/li><li>Evite contato manual nos olhos, nariz e boca.\u00a0<\/li><\/ul>\n\n\n\n<ul><li>Procure manter dist\u00e2ncia social mesmo com a flexibiliza\u00e7\u00e3o das regras de distanciamento.<\/li><li>Privilegie espa\u00e7os ao ar livre e evite espa\u00e7os fechados, sobretudo com aglomera\u00e7\u00f5es.<\/li><li>Caso apresente sinais de gripe e\/ou febre, comunique de imediato a seu gestor.\u202f&nbsp;<\/li><li>Caso use o transporte coletivo, higienize as m\u00e3os antes e depois do percurso; se poss\u00edvel, prefira us\u00e1-lo em hor\u00e1rios de menor circula\u00e7\u00e3o de pessoas; caso esteja com muitos passageiros, espere outro ve\u00edculo.&nbsp;<\/li><li>Verifique se \u00e9 poss\u00edvel manter abertas as janelas dos ve\u00edculos, a fim de possibilitar maior circula\u00e7\u00e3o de ar.&nbsp;<\/li><\/ul>\n\n\n\n<ul><li>Priorize o uso de escadas, em vez de elevadores; elevadores s\u00e3o usados exclusivamente por pessoas fisicamente impossibilitadas.&nbsp;<\/li><li>Fique atento \u00e0 higieniza\u00e7\u00e3o de sua mesa de trabalho, durante a jornada.&nbsp;<\/li><li>Se poss\u00edvel, tenha sempre um recipiente com \u00e1lcool em gel 70% para higieniza\u00e7\u00e3o das m\u00e3os.&nbsp;<\/li><\/ul>\n\n\n\n<ul><li>Ao chegar \u00e0 sua esta\u00e7\u00e3o de trabalho, deixe seus pertences em um local seguro e higienize as m\u00e3os.&nbsp;<\/li><\/ul>\n\n\n\n<p><\/p>\n","protected":false},"excerpt":{"rendered":"<p>O uso de m\u00e1scaras passa a ser facultativo. Aos que optarem pelo uso, pedimos que respeitem\u00a0 as recomenda\u00e7\u00f5es de troca peri\u00f3dica.\u202f\u00a0 Evite contato manual nos olhos, nariz e boca.\u00a0 Procure manter dist\u00e2ncia social mesmo com a flexibiliza\u00e7\u00e3o das regras de distanciamento. Privilegie espa\u00e7os ao ar livre e evite espa\u00e7os fechados, sobretudo com aglomera\u00e7\u00f5es. Caso apresente [&hellip;]<\/p>\n","protected":false},"author":1,"featured_media":0,"comment_status":"open","ping_status":"open","sticky":false,"template":"","format":"standard","meta":{"inline_featured_image":false,"footnotes":""},"categories":[6],"tags":[],"_links":{"self":[{"href":"https:\/\/site.veracruz.edu.br\/protocolos-retorno\/wp-json\/wp\/v2\/posts\/184"}],"collection":[{"href":"https:\/\/site.veracruz.edu.br\/protocolos-retorno\/wp-json\/wp\/v2\/posts"}],"about":[{"href":"https:\/\/site.veracruz.edu.br\/protocolos-retorno\/wp-json\/wp\/v2\/types\/post"}],"author":[{"embeddable":true,"href":"https:\/\/site.veracruz.edu.br\/protocolos-retorno\/wp-json\/wp\/v2\/users\/1"}],"replies":[{"embeddable":true,"href":"https:\/\/site.veracruz.edu.br\/protocolos-retorno\/wp-json\/wp\/v2\/comments?post=184"}],"version-history":[{"count":8,"href":"https:\/\/site.veracruz.edu.br\/protocolos-retorno\/wp-json\/wp\/v2\/posts\/184\/revisions"}],"predecessor-version":[{"id":776,"href":"https:\/\/site.veracruz.edu.br\/protocolos-retorno\/wp-json\/wp\/v2\/posts\/184\/revisions\/776"}],"wp:attachment":[{"href":"https:\/\/site.veracruz.edu.br\/protocolos-retorno\/wp-json\/wp\/v2\/media?parent=184"}],"wp:term":[{"taxonomy":"category","embeddable":true,"href":"https:\/\/site.veracruz.edu.br\/protocolos-retorno\/wp-json\/wp\/v2\/categories?post=184"},{"taxonomy":"post_tag","embeddable":true,"href":"https:\/\/site.veracruz.edu.br\/protocolos-retorno\/wp-json\/wp\/v2\/tags?post=184"}],"curies":[{"name":"wp","href":"https:\/\/api.w.org\/{rel}","templated":true}]}}