{"id":162,"date":"2020-08-19T21:17:33","date_gmt":"2020-08-20T00:17:33","guid":{"rendered":"https:\/\/site.veracruz.edu.br\/protocolo-de-retorno\/?p=162"},"modified":"2021-01-22T13:45:02","modified_gmt":"2021-01-22T15:45:02","slug":"fontes-tecnicas","status":"publish","type":"post","link":"https:\/\/site.veracruz.edu.br\/protocolos-retorno\/fontes-tecnicas\/","title":{"rendered":"Fontes t\u00e9cnicas"},"content":{"rendered":"\n<p><strong>Consultorias especializadas&nbsp;<\/strong><\/p>\n\n\n\n<ul><li><a href=\"http:\/\/www.einstein.br\/\" target=\"_blank\" rel=\"noreferrer noopener\">Hospital Israelita Albert Einstein<\/a>, em conv\u00eanio com a ABEPAR.&nbsp;<\/li><\/ul>\n\n\n\n<ul><li>Creche Segura<\/li><\/ul>\n\n\n\n<p><\/p>\n\n\n\n<hr class=\"wp-block-separator\"\/>\n\n\n\n<p><strong>Principais fontes de refer\u00eancia&nbsp;<\/strong><\/p>\n\n\n\n<ul><li>Anvisa. Nota t\u00e9cnica n\u00ba 26.&nbsp;Abril, 2020.&nbsp;&nbsp;<\/li><li>Covid-19: Guidance for School Reopening. July, 2020 (endossado pelo Children\u2019s Health Care Canada and Children First Canada e os Paedriatric Chairs of Canada).<\/li><\/ul>\n\n\n\n<ul><li>Covid-19&nbsp;Contact&nbsp;Tracing&nbsp;\u2013 Johns Hopkins&nbsp;University.&nbsp;June, 2020.&nbsp;&nbsp;<\/li><li>Consed, Diretrizes para Protocolo de Retorno \u00e0s Aulas Presenciais. Junho, 2020.&nbsp;&nbsp;<\/li><li><a href=\"https:\/\/www.fiocruzbrasilia.fiocruz.br\/coronavirus_perguntaserespostas\/\" target=\"_blank\" rel=\"noreferrer noopener\">https:\/\/www.fiocruzbrasilia.fiocruz.br\/coronavirus_perguntaserespostas\/<\/a>\u202f(acesso em: 3\/8\/2020).&nbsp;&nbsp;<\/li><li>Governo do Estado de S\u00e3o Paulo. Plano de retorno da Educa\u00e7\u00e3o.&nbsp;&nbsp;<\/li><li>Governo do Estado de S\u00e3o Paulo. Protocolos sanit\u00e1rios I e II. Julho, 2020.&nbsp;&nbsp;<\/li><\/ul>\n\n\n\n<ul><li>Manual sobre biosseguran\u00e7a para reabertura de escolas no contexto da covid-19. Fiocruz, julho de 2020.\u00a0\u00a0<\/li><li>Minist\u00e9rio da Educa\u00e7\u00e3o &#8211; Secretaria de Educa\u00e7\u00e3o Superior. Protocolo de biosseguran\u00e7a para retorno das atividades nas Institui\u00e7\u00f5es Federais de Ensino. Julho, 2020.\u00a0\u00a0<\/li><li>Protocolo de biosseguran\u00e7a para retorno das atividades nas Institui\u00e7\u00f5es Federais de Ensino. Julho, 2020.\u00a0\u00a0<\/li><li>RL Sistema de Higiene Ltda.\u00a0<\/li><li>Secretaria Municipal de Educa\u00e7\u00e3o de S\u00e3o Paulo. Protocolo atualizado de volta \u00e0s aulas.<\/li><\/ul>\n","protected":false},"excerpt":{"rendered":"<p>Consultorias especializadas&nbsp; Hospital Israelita Albert Einstein, em conv\u00eanio com a ABEPAR.&nbsp; Creche Segura Principais fontes de refer\u00eancia&nbsp; Anvisa. Nota t\u00e9cnica n\u00ba 26.&nbsp;Abril, 2020.&nbsp;&nbsp; Covid-19: Guidance for School Reopening. July, 2020 (endossado pelo Children\u2019s Health Care Canada and Children First Canada e os Paedriatric Chairs of Canada). Covid-19&nbsp;Contact&nbsp;Tracing&nbsp;\u2013 Johns Hopkins&nbsp;University.&nbsp;June, 2020.&nbsp;&nbsp; Consed, Diretrizes para Protocolo de [&hellip;]<\/p>\n","protected":false},"author":1,"featured_media":0,"comment_status":"open","ping_status":"open","sticky":false,"template":"","format":"standard","meta":{"inline_featured_image":false,"footnotes":""},"categories":[5,6],"tags":[],"_links":{"self":[{"href":"https:\/\/site.veracruz.edu.br\/protocolos-retorno\/wp-json\/wp\/v2\/posts\/162"}],"collection":[{"href":"https:\/\/site.veracruz.edu.br\/protocolos-retorno\/wp-json\/wp\/v2\/posts"}],"about":[{"href":"https:\/\/site.veracruz.edu.br\/protocolos-retorno\/wp-json\/wp\/v2\/types\/post"}],"author":[{"embeddable":true,"href":"https:\/\/site.veracruz.edu.br\/protocolos-retorno\/wp-json\/wp\/v2\/users\/1"}],"replies":[{"embeddable":true,"href":"https:\/\/site.veracruz.edu.br\/protocolos-retorno\/wp-json\/wp\/v2\/comments?post=162"}],"version-history":[{"count":12,"href":"https:\/\/site.veracruz.edu.br\/protocolos-retorno\/wp-json\/wp\/v2\/posts\/162\/revisions"}],"predecessor-version":[{"id":450,"href":"https:\/\/site.veracruz.edu.br\/protocolos-retorno\/wp-json\/wp\/v2\/posts\/162\/revisions\/450"}],"wp:attachment":[{"href":"https:\/\/site.veracruz.edu.br\/protocolos-retorno\/wp-json\/wp\/v2\/media?parent=162"}],"wp:term":[{"taxonomy":"category","embeddable":true,"href":"https:\/\/site.veracruz.edu.br\/protocolos-retorno\/wp-json\/wp\/v2\/categories?post=162"},{"taxonomy":"post_tag","embeddable":true,"href":"https:\/\/site.veracruz.edu.br\/protocolos-retorno\/wp-json\/wp\/v2\/tags?post=162"}],"curies":[{"name":"wp","href":"https:\/\/api.w.org\/{rel}","templated":true}]}}