{"id":160,"date":"2020-08-19T21:17:20","date_gmt":"2020-08-20T00:17:20","guid":{"rendered":"https:\/\/site.veracruz.edu.br\/protocolo-de-retorno\/?p=160"},"modified":"2022-01-28T09:44:23","modified_gmt":"2022-01-28T11:44:23","slug":"saiba-mais","status":"publish","type":"post","link":"https:\/\/site.veracruz.edu.br\/protocolos-retorno\/saiba-mais\/","title":{"rendered":"Saiba mais"},"content":{"rendered":"\n<ul><li><strong>Isolamento<\/strong>: obrigat\u00f3rio para as pessoas doentes, que devem permanecer separadas das saud\u00e1veis, em ambiente. A condi\u00e7\u00e3o de isolamento deve permanecer at\u00e9 que os sintomas tenham desaparecido por completo e n\u00e3o haja presen\u00e7a de sintomas por 24 horas.\u202f\u00a0<\/li><li><strong>Janela de oportunidade<\/strong>: per\u00edodo em que o v\u00edrus ainda n\u00e3o \u00e9 contagioso.\u00a0<\/li><li><strong>Per\u00edodo de incuba\u00e7\u00e3o<\/strong>: per\u00edodo entre o momento em que uma pessoa foi infectada at\u00e9 o momento em que os sintomas aparecem (entre 2 e 10 dias).\u00a0<\/li><li><strong>Per\u00edodo infeccioso<\/strong>: per\u00edodo durante o qual a pessoa infectada pode transmitir o v\u00edrus (come\u00e7a dois dias antes dos primeiros sinais\/sintomas).\u00a0<\/li><\/ul>\n","protected":false},"excerpt":{"rendered":"<p>Isolamento: obrigat\u00f3rio para as pessoas doentes, que devem permanecer separadas das saud\u00e1veis, em ambiente. A condi\u00e7\u00e3o de isolamento deve permanecer at\u00e9 que os sintomas tenham desaparecido por completo e n\u00e3o haja presen\u00e7a de sintomas por 24 horas.\u202f\u00a0 Janela de oportunidade: per\u00edodo em que o v\u00edrus ainda n\u00e3o \u00e9 contagioso.\u00a0 Per\u00edodo de incuba\u00e7\u00e3o: per\u00edodo entre o [&hellip;]<\/p>\n","protected":false},"author":1,"featured_media":0,"comment_status":"open","ping_status":"open","sticky":false,"template":"","format":"standard","meta":{"inline_featured_image":false,"footnotes":""},"categories":[5,6,7],"tags":[],"_links":{"self":[{"href":"https:\/\/site.veracruz.edu.br\/protocolos-retorno\/wp-json\/wp\/v2\/posts\/160"}],"collection":[{"href":"https:\/\/site.veracruz.edu.br\/protocolos-retorno\/wp-json\/wp\/v2\/posts"}],"about":[{"href":"https:\/\/site.veracruz.edu.br\/protocolos-retorno\/wp-json\/wp\/v2\/types\/post"}],"author":[{"embeddable":true,"href":"https:\/\/site.veracruz.edu.br\/protocolos-retorno\/wp-json\/wp\/v2\/users\/1"}],"replies":[{"embeddable":true,"href":"https:\/\/site.veracruz.edu.br\/protocolos-retorno\/wp-json\/wp\/v2\/comments?post=160"}],"version-history":[{"count":7,"href":"https:\/\/site.veracruz.edu.br\/protocolos-retorno\/wp-json\/wp\/v2\/posts\/160\/revisions"}],"predecessor-version":[{"id":713,"href":"https:\/\/site.veracruz.edu.br\/protocolos-retorno\/wp-json\/wp\/v2\/posts\/160\/revisions\/713"}],"wp:attachment":[{"href":"https:\/\/site.veracruz.edu.br\/protocolos-retorno\/wp-json\/wp\/v2\/media?parent=160"}],"wp:term":[{"taxonomy":"category","embeddable":true,"href":"https:\/\/site.veracruz.edu.br\/protocolos-retorno\/wp-json\/wp\/v2\/categories?post=160"},{"taxonomy":"post_tag","embeddable":true,"href":"https:\/\/site.veracruz.edu.br\/protocolos-retorno\/wp-json\/wp\/v2\/tags?post=160"}],"curies":[{"name":"wp","href":"https:\/\/api.w.org\/{rel}","templated":true}]}}