{"id":153,"date":"2020-08-19T20:56:48","date_gmt":"2020-08-19T23:56:48","guid":{"rendered":"https:\/\/site.veracruz.edu.br\/protocolo-de-retorno\/?p=153"},"modified":"2022-03-28T11:36:16","modified_gmt":"2022-03-28T14:36:16","slug":"bibliotecas","status":"publish","type":"post","link":"https:\/\/site.veracruz.edu.br\/protocolos-retorno\/bibliotecas\/","title":{"rendered":"Bibliotecas"},"content":{"rendered":"\n<p>Em nossas bibliotecas, seguimos as seguintes orienta\u00e7\u00f5es:&nbsp;<\/p>\n\n\n\n<ul><li>Os usu\u00e1rios devem ser comunicados sobre os padr\u00f5es preventivos de higiene nesses ambientes.&nbsp;<\/li><li>A frequ\u00eancia de desinfec\u00e7\u00e3o e limpeza do espa\u00e7o foi refor\u00e7ada.&nbsp;<\/li><li>Portas e janelas s\u00e3o mantidas abertas.&nbsp;<\/li><li>Funcion\u00e1rios que trabalham presencialmente usam os equipamentos de seguran\u00e7a recomendados.&nbsp;<\/li><\/ul>\n\n\n\n<ul><li>M\u00e1scaras e luvas descart\u00e1veis, assim como \u00e1lcool em gel 70%, est\u00e3o \u00e0 disposi\u00e7\u00e3o para os usu\u00e1rios, em caso de necessidade.\u00a0<\/li><\/ul>\n","protected":false},"excerpt":{"rendered":"<p>Em nossas bibliotecas, seguimos as seguintes orienta\u00e7\u00f5es:&nbsp; Os usu\u00e1rios devem ser comunicados sobre os padr\u00f5es preventivos de higiene nesses ambientes.&nbsp; A frequ\u00eancia de desinfec\u00e7\u00e3o e limpeza do espa\u00e7o foi refor\u00e7ada.&nbsp; Portas e janelas s\u00e3o mantidas abertas.&nbsp; Funcion\u00e1rios que trabalham presencialmente usam os equipamentos de seguran\u00e7a recomendados.&nbsp; M\u00e1scaras e luvas descart\u00e1veis, assim como \u00e1lcool em gel [&hellip;]<\/p>\n","protected":false},"author":1,"featured_media":0,"comment_status":"open","ping_status":"open","sticky":false,"template":"","format":"standard","meta":{"inline_featured_image":false,"footnotes":""},"categories":[5,7],"tags":[],"_links":{"self":[{"href":"https:\/\/site.veracruz.edu.br\/protocolos-retorno\/wp-json\/wp\/v2\/posts\/153"}],"collection":[{"href":"https:\/\/site.veracruz.edu.br\/protocolos-retorno\/wp-json\/wp\/v2\/posts"}],"about":[{"href":"https:\/\/site.veracruz.edu.br\/protocolos-retorno\/wp-json\/wp\/v2\/types\/post"}],"author":[{"embeddable":true,"href":"https:\/\/site.veracruz.edu.br\/protocolos-retorno\/wp-json\/wp\/v2\/users\/1"}],"replies":[{"embeddable":true,"href":"https:\/\/site.veracruz.edu.br\/protocolos-retorno\/wp-json\/wp\/v2\/comments?post=153"}],"version-history":[{"count":7,"href":"https:\/\/site.veracruz.edu.br\/protocolos-retorno\/wp-json\/wp\/v2\/posts\/153\/revisions"}],"predecessor-version":[{"id":790,"href":"https:\/\/site.veracruz.edu.br\/protocolos-retorno\/wp-json\/wp\/v2\/posts\/153\/revisions\/790"}],"wp:attachment":[{"href":"https:\/\/site.veracruz.edu.br\/protocolos-retorno\/wp-json\/wp\/v2\/media?parent=153"}],"wp:term":[{"taxonomy":"category","embeddable":true,"href":"https:\/\/site.veracruz.edu.br\/protocolos-retorno\/wp-json\/wp\/v2\/categories?post=153"},{"taxonomy":"post_tag","embeddable":true,"href":"https:\/\/site.veracruz.edu.br\/protocolos-retorno\/wp-json\/wp\/v2\/tags?post=153"}],"curies":[{"name":"wp","href":"https:\/\/api.w.org\/{rel}","templated":true}]}}