{"id":151,"date":"2020-08-19T20:56:34","date_gmt":"2020-08-19T23:56:34","guid":{"rendered":"https:\/\/site.veracruz.edu.br\/protocolo-de-retorno\/?p=151"},"modified":"2021-11-29T12:20:45","modified_gmt":"2021-11-29T14:20:45","slug":"refeicoes","status":"publish","type":"post","link":"https:\/\/site.veracruz.edu.br\/protocolos-retorno\/refeicoes\/","title":{"rendered":"Refei\u00e7\u00f5es"},"content":{"rendered":"\n<ul><li>Os lanches oferecidos aos alunos da Educa\u00e7\u00e3o Infantil e Ensino Fundamental, n\u00edveis 1 e 2, s\u00e3o servidos em por\u00e7\u00f5es individuais, e os cuidados com a higiene nos ambientes de prepara\u00e7\u00e3o dos alimentos foram&nbsp;refor\u00e7ados.\u200b&nbsp;&nbsp;<\/li><\/ul>\n\n\n\n<ul><li>Os alunos de m\u00e1scaras receberam instru\u00e7\u00f5es para guard\u00e1-las num saco pl\u00e1stico identificado e para substitu\u00ed-las por uma limpa ap\u00f3s a refei\u00e7\u00e3o. Da mesma forma, est\u00e3o instru\u00eddos sobre a higieniza\u00e7\u00e3o das m\u00e3os antes e depois das refei\u00e7\u00f5es.\u00a0\u00a0<\/li><\/ul>\n\n\n\n<p><\/p>\n","protected":false},"excerpt":{"rendered":"<p>Os lanches oferecidos aos alunos da Educa\u00e7\u00e3o Infantil e Ensino Fundamental, n\u00edveis 1 e 2, s\u00e3o servidos em por\u00e7\u00f5es individuais, e os cuidados com a higiene nos ambientes de prepara\u00e7\u00e3o dos alimentos foram&nbsp;refor\u00e7ados.\u200b&nbsp;&nbsp; Os alunos de m\u00e1scaras receberam instru\u00e7\u00f5es para guard\u00e1-las num saco pl\u00e1stico identificado e para substitu\u00ed-las por uma limpa ap\u00f3s a refei\u00e7\u00e3o. Da [&hellip;]<\/p>\n","protected":false},"author":1,"featured_media":0,"comment_status":"open","ping_status":"open","sticky":false,"template":"","format":"standard","meta":{"inline_featured_image":false,"footnotes":""},"categories":[5],"tags":[],"_links":{"self":[{"href":"https:\/\/site.veracruz.edu.br\/protocolos-retorno\/wp-json\/wp\/v2\/posts\/151"}],"collection":[{"href":"https:\/\/site.veracruz.edu.br\/protocolos-retorno\/wp-json\/wp\/v2\/posts"}],"about":[{"href":"https:\/\/site.veracruz.edu.br\/protocolos-retorno\/wp-json\/wp\/v2\/types\/post"}],"author":[{"embeddable":true,"href":"https:\/\/site.veracruz.edu.br\/protocolos-retorno\/wp-json\/wp\/v2\/users\/1"}],"replies":[{"embeddable":true,"href":"https:\/\/site.veracruz.edu.br\/protocolos-retorno\/wp-json\/wp\/v2\/comments?post=151"}],"version-history":[{"count":6,"href":"https:\/\/site.veracruz.edu.br\/protocolos-retorno\/wp-json\/wp\/v2\/posts\/151\/revisions"}],"predecessor-version":[{"id":582,"href":"https:\/\/site.veracruz.edu.br\/protocolos-retorno\/wp-json\/wp\/v2\/posts\/151\/revisions\/582"}],"wp:attachment":[{"href":"https:\/\/site.veracruz.edu.br\/protocolos-retorno\/wp-json\/wp\/v2\/media?parent=151"}],"wp:term":[{"taxonomy":"category","embeddable":true,"href":"https:\/\/site.veracruz.edu.br\/protocolos-retorno\/wp-json\/wp\/v2\/categories?post=151"},{"taxonomy":"post_tag","embeddable":true,"href":"https:\/\/site.veracruz.edu.br\/protocolos-retorno\/wp-json\/wp\/v2\/tags?post=151"}],"curies":[{"name":"wp","href":"https:\/\/api.w.org\/{rel}","templated":true}]}}