{"id":149,"date":"2020-08-19T20:56:21","date_gmt":"2020-08-19T23:56:21","guid":{"rendered":"https:\/\/site.veracruz.edu.br\/protocolo-de-retorno\/?p=149"},"modified":"2022-01-24T10:39:19","modified_gmt":"2022-01-24T12:39:19","slug":"cuidados-com-equipe-e-espacos","status":"publish","type":"post","link":"https:\/\/site.veracruz.edu.br\/protocolos-retorno\/cuidados-com-equipe-e-espacos\/","title":{"rendered":"Cuidados com equipe e espa\u00e7os"},"content":{"rendered":"\n<ul><li>M\u00e1scaras descart\u00e1veis e \u00e1lcool em gel 70% s\u00e3o disponibilizados na entrada de todas as unidades.<\/li><li>Da mesma forma, h\u00e1 kits para higieniza\u00e7\u00e3o em todas as salas de aula.<\/li><li>Todos os funcion\u00e1rios devem usar m\u00e1scaras, assim como qualquer adulto, dentro da Escola. Saiba como us\u00e1-las.<\/li><li>As Secretarias t\u00eam pain\u00e9is de prote\u00e7\u00e3o de acr\u00edlico frontais instalados nas baias de atendimento.<\/li><li>As rotinas de limpeza de todos os ambientes foram intensificadas.<\/li><li><span style=\"color: initial;\">As salas de aula permanecem com portas e janelas abertas, para facilitar a ventila\u00e7\u00e3o.<\/span><\/li><li>Sempre que poss\u00edvel, os banheiros tamb\u00e9m permanecem com portas abertas, para ventila\u00e7\u00e3o, e s\u00e3o higienizados de acordo com os protocolos recomendados. Eles est\u00e3o sinalizados com orienta\u00e7\u00f5es sobre a melhor forma de us\u00e1-los.<\/li><\/ul>\n\n\n\n<p><\/p>\n","protected":false},"excerpt":{"rendered":"<p>M\u00e1scaras descart\u00e1veis e \u00e1lcool em gel 70% s\u00e3o disponibilizados na entrada de todas as unidades. Da mesma forma, h\u00e1 kits para higieniza\u00e7\u00e3o em todas as salas de aula. Todos os funcion\u00e1rios devem usar m\u00e1scaras, assim como qualquer adulto, dentro da Escola. Saiba como us\u00e1-las. As Secretarias t\u00eam pain\u00e9is de prote\u00e7\u00e3o de acr\u00edlico frontais instalados nas [&hellip;]<\/p>\n","protected":false},"author":1,"featured_media":0,"comment_status":"open","ping_status":"open","sticky":false,"template":"","format":"standard","meta":{"inline_featured_image":false,"footnotes":""},"categories":[5],"tags":[],"_links":{"self":[{"href":"https:\/\/site.veracruz.edu.br\/protocolos-retorno\/wp-json\/wp\/v2\/posts\/149"}],"collection":[{"href":"https:\/\/site.veracruz.edu.br\/protocolos-retorno\/wp-json\/wp\/v2\/posts"}],"about":[{"href":"https:\/\/site.veracruz.edu.br\/protocolos-retorno\/wp-json\/wp\/v2\/types\/post"}],"author":[{"embeddable":true,"href":"https:\/\/site.veracruz.edu.br\/protocolos-retorno\/wp-json\/wp\/v2\/users\/1"}],"replies":[{"embeddable":true,"href":"https:\/\/site.veracruz.edu.br\/protocolos-retorno\/wp-json\/wp\/v2\/comments?post=149"}],"version-history":[{"count":11,"href":"https:\/\/site.veracruz.edu.br\/protocolos-retorno\/wp-json\/wp\/v2\/posts\/149\/revisions"}],"predecessor-version":[{"id":687,"href":"https:\/\/site.veracruz.edu.br\/protocolos-retorno\/wp-json\/wp\/v2\/posts\/149\/revisions\/687"}],"wp:attachment":[{"href":"https:\/\/site.veracruz.edu.br\/protocolos-retorno\/wp-json\/wp\/v2\/media?parent=149"}],"wp:term":[{"taxonomy":"category","embeddable":true,"href":"https:\/\/site.veracruz.edu.br\/protocolos-retorno\/wp-json\/wp\/v2\/categories?post=149"},{"taxonomy":"post_tag","embeddable":true,"href":"https:\/\/site.veracruz.edu.br\/protocolos-retorno\/wp-json\/wp\/v2\/tags?post=149"}],"curies":[{"name":"wp","href":"https:\/\/api.w.org\/{rel}","templated":true}]}}