{"id":147,"date":"2020-08-19T20:56:05","date_gmt":"2020-08-19T23:56:05","guid":{"rendered":"https:\/\/site.veracruz.edu.br\/protocolo-de-retorno\/?p=147"},"modified":"2022-01-24T10:20:29","modified_gmt":"2022-01-24T12:20:29","slug":"transporte-escolar","status":"publish","type":"post","link":"https:\/\/site.veracruz.edu.br\/protocolos-retorno\/transporte-escolar\/","title":{"rendered":"Transporte escolar"},"content":{"rendered":"\n<p>Os seguintes cuidados preventivos est\u00e3o sendo&nbsp;sugeridos&nbsp;aos&nbsp;parceiros&nbsp;de transporte dos&nbsp;alunos, contratados pelas fam\u00edlias:&nbsp;<\/p>\n\n\n\n<ul><li>A frequ\u00eancia de limpeza dos ve\u00edculos foi intensificada.&nbsp;<\/li><li>Os alunos dever\u00e3o ficar sentados, com cinto de seguran\u00e7a e, sempre que poss\u00edvel, mantendo dist\u00e2ncia mesmo com a flexibiliza\u00e7\u00e3o das regras de distanciamento.&nbsp;<\/li><\/ul>\n\n\n\n<ul><li><span style=\"color: initial;\">\u00c9 obrigat\u00f3rio o uso de m\u00e1scaras; o uso de protetores faciais foi recomendado no trato com crian\u00e7as que necessitam de contato f\u00edsico.\u00a0<\/span><\/li><li>H\u00e1 \u00e1lcool em gel 70% dispon\u00edvel para os alunos dentro dos ve\u00edculos.\u202f\u00a0\u00a0<\/li><\/ul>\n\n\n\n<p><\/p>\n","protected":false},"excerpt":{"rendered":"<p>Os seguintes cuidados preventivos est\u00e3o sendo&nbsp;sugeridos&nbsp;aos&nbsp;parceiros&nbsp;de transporte dos&nbsp;alunos, contratados pelas fam\u00edlias:&nbsp; A frequ\u00eancia de limpeza dos ve\u00edculos foi intensificada.&nbsp; Os alunos dever\u00e3o ficar sentados, com cinto de seguran\u00e7a e, sempre que poss\u00edvel, mantendo dist\u00e2ncia mesmo com a flexibiliza\u00e7\u00e3o das regras de distanciamento.&nbsp; \u00c9 obrigat\u00f3rio o uso de m\u00e1scaras; o uso de protetores faciais foi recomendado [&hellip;]<\/p>\n","protected":false},"author":1,"featured_media":0,"comment_status":"open","ping_status":"open","sticky":false,"template":"","format":"standard","meta":{"inline_featured_image":false,"footnotes":""},"categories":[5,7],"tags":[],"_links":{"self":[{"href":"https:\/\/site.veracruz.edu.br\/protocolos-retorno\/wp-json\/wp\/v2\/posts\/147"}],"collection":[{"href":"https:\/\/site.veracruz.edu.br\/protocolos-retorno\/wp-json\/wp\/v2\/posts"}],"about":[{"href":"https:\/\/site.veracruz.edu.br\/protocolos-retorno\/wp-json\/wp\/v2\/types\/post"}],"author":[{"embeddable":true,"href":"https:\/\/site.veracruz.edu.br\/protocolos-retorno\/wp-json\/wp\/v2\/users\/1"}],"replies":[{"embeddable":true,"href":"https:\/\/site.veracruz.edu.br\/protocolos-retorno\/wp-json\/wp\/v2\/comments?post=147"}],"version-history":[{"count":8,"href":"https:\/\/site.veracruz.edu.br\/protocolos-retorno\/wp-json\/wp\/v2\/posts\/147\/revisions"}],"predecessor-version":[{"id":686,"href":"https:\/\/site.veracruz.edu.br\/protocolos-retorno\/wp-json\/wp\/v2\/posts\/147\/revisions\/686"}],"wp:attachment":[{"href":"https:\/\/site.veracruz.edu.br\/protocolos-retorno\/wp-json\/wp\/v2\/media?parent=147"}],"wp:term":[{"taxonomy":"category","embeddable":true,"href":"https:\/\/site.veracruz.edu.br\/protocolos-retorno\/wp-json\/wp\/v2\/categories?post=147"},{"taxonomy":"post_tag","embeddable":true,"href":"https:\/\/site.veracruz.edu.br\/protocolos-retorno\/wp-json\/wp\/v2\/tags?post=147"}],"curies":[{"name":"wp","href":"https:\/\/api.w.org\/{rel}","templated":true}]}}