{"id":143,"date":"2020-08-19T20:55:36","date_gmt":"2020-08-19T23:55:36","guid":{"rendered":"https:\/\/site.veracruz.edu.br\/protocolo-de-retorno\/?p=143"},"modified":"2022-03-28T11:32:13","modified_gmt":"2022-03-28T14:32:13","slug":"cuidados-com-alunos","status":"publish","type":"post","link":"https:\/\/site.veracruz.edu.br\/protocolos-retorno\/cuidados-com-alunos\/","title":{"rendered":"Cuidados com alunos"},"content":{"rendered":"\n<ul><li>Recomendamos que todas as crian\u00e7as com mais de cinco anos de idade sejam vacinadas contra a covid-19. Fiquem atentos aos prazos de cada faixa et\u00e1ria conforme calend\u00e1rio divulgados pelas autoridades.<\/li><li>Os alunos que apresentarem quaisquer sintomas de doen\u00e7a respirat\u00f3ria, como febre, dor de cabe\u00e7a, tosse seca e falta de ar, devem permanecer em casa, assim como em casos de pessoas do conv\u00edvio familiar que tiverem confirma\u00e7\u00e3o do diagn\u00f3stico. \u00c9 importante que a Escola seja notificada imediatamente. Pedimos que, ao aparecimento de sintomas, a fam\u00edlia providencie um exame RT-PCR ou de ant\u00edgeno para detec\u00e7\u00e3o de COVID-19 com a m\u00e1xima urg\u00eancia.\u00a0\u200b\u00a0<\/li><li>O uso de m\u00e1scaras \u00e9 facultativo do G5 at\u00e9 o 3\u00ba ano do Ensino M\u00e9dio (Unidades Dona Elisa, Pra\u00e7a Em\u00edlia e Baumann).<\/li><\/ul>\n\n\n\n<ul><li>Instru\u00e7\u00f5es sobre como higienizar as m\u00e3os e usar m\u00e1scaras tamb\u00e9m est\u00e3o dispon\u00edveis na Escola,\u00a0nas entradas e\u00a0em pontos espec\u00edficos.\u00a0<\/li><li>Preferencialmente, os alunos devem trazer sua pr\u00f3pria garrafa de casa. Ou poder\u00e3o utilizar os copos biodegrad\u00e1veis \u00e0 disposi\u00e7\u00e3o.<\/li><\/ul>\n","protected":false},"excerpt":{"rendered":"<p>Recomendamos que todas as crian\u00e7as com mais de cinco anos de idade sejam vacinadas contra a covid-19. Fiquem atentos aos prazos de cada faixa et\u00e1ria conforme calend\u00e1rio divulgados pelas autoridades. Os alunos que apresentarem quaisquer sintomas de doen\u00e7a respirat\u00f3ria, como febre, dor de cabe\u00e7a, tosse seca e falta de ar, devem permanecer em casa, assim [&hellip;]<\/p>\n","protected":false},"author":1,"featured_media":0,"comment_status":"open","ping_status":"open","sticky":false,"template":"","format":"standard","meta":{"inline_featured_image":false,"footnotes":""},"categories":[5],"tags":[],"_links":{"self":[{"href":"https:\/\/site.veracruz.edu.br\/protocolos-retorno\/wp-json\/wp\/v2\/posts\/143"}],"collection":[{"href":"https:\/\/site.veracruz.edu.br\/protocolos-retorno\/wp-json\/wp\/v2\/posts"}],"about":[{"href":"https:\/\/site.veracruz.edu.br\/protocolos-retorno\/wp-json\/wp\/v2\/types\/post"}],"author":[{"embeddable":true,"href":"https:\/\/site.veracruz.edu.br\/protocolos-retorno\/wp-json\/wp\/v2\/users\/1"}],"replies":[{"embeddable":true,"href":"https:\/\/site.veracruz.edu.br\/protocolos-retorno\/wp-json\/wp\/v2\/comments?post=143"}],"version-history":[{"count":24,"href":"https:\/\/site.veracruz.edu.br\/protocolos-retorno\/wp-json\/wp\/v2\/posts\/143\/revisions"}],"predecessor-version":[{"id":788,"href":"https:\/\/site.veracruz.edu.br\/protocolos-retorno\/wp-json\/wp\/v2\/posts\/143\/revisions\/788"}],"wp:attachment":[{"href":"https:\/\/site.veracruz.edu.br\/protocolos-retorno\/wp-json\/wp\/v2\/media?parent=143"}],"wp:term":[{"taxonomy":"category","embeddable":true,"href":"https:\/\/site.veracruz.edu.br\/protocolos-retorno\/wp-json\/wp\/v2\/categories?post=143"},{"taxonomy":"post_tag","embeddable":true,"href":"https:\/\/site.veracruz.edu.br\/protocolos-retorno\/wp-json\/wp\/v2\/tags?post=143"}],"curies":[{"name":"wp","href":"https:\/\/api.w.org\/{rel}","templated":true}]}}