{"id":522,"date":"2016-11-16T18:23:02","date_gmt":"2016-11-16T18:23:02","guid":{"rendered":"https:\/\/site.veracruz.edu.br\/acervolinks\/?p=522"},"modified":"2022-02-16T19:56:34","modified_gmt":"2022-02-16T19:56:34","slug":"moleculas","status":"publish","type":"post","link":"https:\/\/site.veracruz.edu.br\/acervolinks\/2016\/11\/16\/moleculas\/","title":{"rendered":"Mol\u00e9culas"},"content":{"rendered":"<p>Mol\u00e9culas \u00e9 um aplicativo que traz para uso offline em dispositivos m\u00f3veis, mol\u00e9culas publicadas no portal da Qu\u00edmica Nova Interativa (QNInt). A maior parte deste conte\u00fado foi produzido do projeto 365 dias de Qu\u00edmica, realizado durante o Ano Internacional da Qu\u00edmica.<\/p>\n<p>As mol\u00e9culas apresentadas podem ser manipuladas pelos usu\u00e1rios, permitindo a visualiza\u00e7\u00e3o por diferentes \u00e2ngulos, assim como ampliar ou reduzir as estruturas, para que seja dado destaque em \u00e1reas de interesse. Cada mol\u00e9cula possui um texto explicativo.<\/p>\n","protected":false},"excerpt":{"rendered":"<p>Mol\u00e9culas \u00e9 um aplicativo que traz para uso offline em dispositivos m\u00f3veis, mol\u00e9culas publicadas no portal da Qu\u00edmica Nova Interativa (QNInt). A maior parte deste conte\u00fado foi produzido do projeto 365 dias de Qu\u00edmica, realizado durante o Ano Internacional da Qu\u00edmica. As mol\u00e9culas apresentadas podem ser manipuladas pelos usu\u00e1rios, permitindo a visualiza\u00e7\u00e3o por diferentes \u00e2ngulos, <a href=\"https:\/\/site.veracruz.edu.br\/acervolinks\/2016\/11\/16\/moleculas\/\"> read more <span class=\"meta-nav\"><\/span><\/a><\/p>\n","protected":false},"author":2,"featured_media":0,"comment_status":"open","ping_status":"open","sticky":false,"template":"","format":"standard","meta":{"_acf_changed":false,"footnotes":""},"categories":[1],"tags":[160,254,119],"acf":[],"jetpack_featured_media_url":"","_links":{"self":[{"href":"https:\/\/site.veracruz.edu.br\/acervolinks\/wp-json\/wp\/v2\/posts\/522"}],"collection":[{"href":"https:\/\/site.veracruz.edu.br\/acervolinks\/wp-json\/wp\/v2\/posts"}],"about":[{"href":"https:\/\/site.veracruz.edu.br\/acervolinks\/wp-json\/wp\/v2\/types\/post"}],"author":[{"embeddable":true,"href":"https:\/\/site.veracruz.edu.br\/acervolinks\/wp-json\/wp\/v2\/users\/2"}],"replies":[{"embeddable":true,"href":"https:\/\/site.veracruz.edu.br\/acervolinks\/wp-json\/wp\/v2\/comments?post=522"}],"version-history":[{"count":1,"href":"https:\/\/site.veracruz.edu.br\/acervolinks\/wp-json\/wp\/v2\/posts\/522\/revisions"}],"predecessor-version":[{"id":523,"href":"https:\/\/site.veracruz.edu.br\/acervolinks\/wp-json\/wp\/v2\/posts\/522\/revisions\/523"}],"wp:attachment":[{"href":"https:\/\/site.veracruz.edu.br\/acervolinks\/wp-json\/wp\/v2\/media?parent=522"}],"wp:term":[{"taxonomy":"category","embeddable":true,"href":"https:\/\/site.veracruz.edu.br\/acervolinks\/wp-json\/wp\/v2\/categories?post=522"},{"taxonomy":"post_tag","embeddable":true,"href":"https:\/\/site.veracruz.edu.br\/acervolinks\/wp-json\/wp\/v2\/tags?post=522"}],"curies":[{"name":"wp","href":"https:\/\/api.w.org\/{rel}","templated":true}]}}